{"id":6756,"date":"2017-08-20T12:04:16","date_gmt":"2017-08-20T11:04:16","guid":{"rendered":"https:\/\/www.wonderful-japan.com\/fr\/?p=6756"},"modified":"2017-08-21T14:12:36","modified_gmt":"2017-08-21T13:12:36","slug":"alerte-volcanique-maximale-au-mont-fuji-et-evacuation-de-milliers-de-residents","status":"publish","type":"post","link":"https:\/\/www.wonderful-japan.com\/fr\/alerte-volcanique-maximale-au-mont-fuji-et-evacuation-de-milliers-de-residents\/","title":{"rendered":"Alerte volcanique maximale au Mont Fuji et \u00e9vacuation de milliers de r\u00e9sidents"},"content":{"rendered":"<p style=\"text-align: justify;\">FUJIYOSHIDA, Pr\u00e9fecture de Yamanashi &#8211; Des milliers de r\u00e9sidents vivant \u00e0 la base du <a href=\"https:\/\/www.wonderful-japan.com\/fr\/mont-fuji\/\">mont Fuji<\/a> ont \u00e9t\u00e9 \u00e9vacu\u00e9s ce dimanche 20 ao\u00fbt pour se mettre \u00e0 l&rsquo;abri d&rsquo;une \u00e9ruption volcanique.<\/p>\n<p style=\"text-align: justify;\">V\u00e9ritable splendeur iconographique du <a href=\"https:\/\/www.wonderful-japan.com\/fr\/\">Japon<\/a>, il est souvent oubli\u00e9 le fait que le <a href=\"https:\/\/www.wonderful-japan.com\/fr\/mont-fuji\/\">mont Fuji<\/a> ne soit pas un volcan \u00e9teint, mais bel et bien consid\u00e9r\u00e9 comme actif et surveill\u00e9 de pr\u00e8s par l&rsquo;Agence m\u00e9t\u00e9orologique du <a href=\"https:\/\/www.wonderful-japan.com\/fr\/\">Japon<\/a>, et dont une \u00e9ruption pourrait survenir, suite \u00e0 un grand s\u00e9isme par exemple.<\/p>\n<p style=\"text-align: justify;\">Fort heureusement, pour le coup cette \u00e9vacuation ne fut qu&rsquo;un simple exercice de simulation face \u00e0 une hypoth\u00e9tique \u00e9ruption volcanique, le premier de son genre \u00e0 avoir lieu.<\/p>\n<p style=\"text-align: justify;\">Les autorit\u00e9s ont d\u00e9clar\u00e9 que 2 000 r\u00e9sidents de six municipalit\u00e9s diff\u00e9rentes, y compris la ville de Fujiyoshida et la ville de Fujikawaguchiko, ont particip\u00e9 \u00e0 l&rsquo;exercice.<\/p>\n<p style=\"text-align: justify;\">\u00c0 3 776 m\u00e8tres, le <a href=\"https:\/\/www.wonderful-japan.com\/fr\/mont-fuji\/\">mont Fuji<\/a> est <a href=\"https:\/\/www.wonderful-japan.com\/fr\/mont-fuji\/\">le plus haut sommet du Japon<\/a>, et sa derni\u00e8re \u00e9ruption remonte \u00e0 1707 o\u00f9 il projeta d&rsquo;importantes quantit\u00e9s de cendres jusqu&rsquo;\u00e0 <a href=\"https:\/\/www.wonderful-japan.com\/fr\/tokyo\/\">Tokyo<\/a>. Bien qu&rsquo;il ne se soit plus manifest\u00e9 depuis, il n&rsquo;en reste pas moins dangereux, loin de l\u00e0.<\/p>\n<p style=\"text-align: justify;\">Les municipalit\u00e9s qui furent impliqu\u00e9es dans l&rsquo;exercice sont toutes situ\u00e9es \u00e0 la base nord du volcan.<\/p>\n<p style=\"text-align: justify;\">Pour \u00e9valuer le niveau de congestion qui r\u00e9sulterait d&rsquo;une \u00e9vacuation massive, pr\u00e8s de 600 participants ont conduit leurs v\u00e9hicules priv\u00e9s jusqu&rsquo;\u00e0 une zone d&rsquo;\u00e9vacuation d\u00e9sign\u00e9e de 25 \u00e0 30 kilom\u00e8tres de distance.<\/p>\n<p style=\"text-align: justify;\">L&rsquo;exercice a eu lieu en supposant qu&rsquo;un flux pyroclastique approchait du centre-ville, d\u00e9clenchant \u00e0 7 heures du matin une alerte volcanique de niveau 5 par l&rsquo;Agence m\u00e9t\u00e9orologique du <a href=\"https:\/\/www.wonderful-japan.com\/fr\/\">Japon<\/a>, ce qui signifie que tous les r\u00e9sidents doivent \u00e9vacuer imm\u00e9diatement.<\/p>\n<p style=\"text-align: justify;\">Les autorit\u00e9s de Fujiyoshida ont utilis\u00e9 le syst\u00e8me d&rsquo;alerte aux sinistres avec des haut-parleur public pour \u00abalerter\u00bb les r\u00e9sidents de la catastrophe imminente.<\/p>\n<p style=\"text-align: justify;\">Alors que la plupart des r\u00e9sidents ont quitt\u00e9 les lieux dans leurs voitures, les participants qui jouaient le r\u00f4le de personnes \u00e2g\u00e9es se sont install\u00e9s dans des camions des Forces d&rsquo;autod\u00e9fense et des bus priv\u00e9s pour atteindre le site d&rsquo;\u00e9vacuation.<\/p>\n<p style=\"text-align: justify;\">Dans le cas o\u00f9 l&rsquo;int\u00e9gralit\u00e9 des 100 000 r\u00e9sidents des zones en question devraient \u00eatre \u00e9vacu\u00e9s, la pr\u00e9occupation majeure sera la congestion du trafic et la panique en r\u00e9sultant.<\/p>\n<p style=\"text-align: justify;\">Le trafic s&rsquo;est retrouv\u00e9 compl\u00e8tement bouch\u00e9 sur environ 3 kilom\u00e8tres.<\/p>\n<p style=\"text-align: justify;\">Un homme de 63 ans qui a particip\u00e9 \u00e0 l&rsquo;exercice a d\u00e9clar\u00e9 qu&rsquo;il lui a fallu trois fois plus de temps qu&rsquo;\u00e0 la normale pour atteindre le site d&rsquo;\u00e9vacuation, ce qui lui prend g\u00e9n\u00e9ralement 30 minutes en voiture.<\/p>\n<p style=\"text-align: justify;\">\u00ab\u00a0Si le <a href=\"https:\/\/www.wonderful-japan.com\/fr\/mont-fuji\/\">mont Fuji<\/a> avait r\u00e9ellement \u00e9clat\u00e9, la congestion du trafic aurait \u00e9t\u00e9 bien pire\u00a0\u00bb, a-t-il d\u00e9clar\u00e9.<\/p>\n<p style=\"text-align: justify;\">La simulation a de fait d\u00e9montr\u00e9 que l&rsquo;\u00e9vacuation des r\u00e9sidents en cas d&rsquo;\u00e9ruption du <a href=\"https:\/\/www.wonderful-japan.com\/fr\/mont-fuji\/\">mont Fuji<\/a> pose un probl\u00e8me majeur.<\/p>\n","protected":false},"excerpt":{"rendered":"<p>FUJIYOSHIDA, Pr\u00e9fecture de Yamanashi &#8211; Des milliers de r\u00e9sidents vivant \u00e0 la base du mont Fuji ont \u00e9t\u00e9 \u00e9vacu\u00e9s ce dimanche 20 ao\u00fbt pour se mettre \u00e0 l&rsquo;abri d&rsquo;une \u00e9ruption volcanique. V\u00e9ritable splendeur iconographique du Japon, il est souvent oubli\u00e9 le fait que le mont Fuji ne soit pas un volcan \u00e9teint, mais bel et [&hellip;]<\/p>\n","protected":false},"author":1,"featured_media":0,"comment_status":"closed","ping_status":"open","sticky":false,"template":"","format":"standard","meta":{"_et_pb_use_builder":"","_et_pb_old_content":"","_et_gb_content_width":"","footnotes":""},"categories":[21],"tags":[],"post_folder":[110],"class_list":["post-6756","post","type-post","status-publish","format-standard","hentry","category-actualite"],"yoast_head":"<!-- This site is optimized with the Yoast SEO plugin v26.4 - https:\/\/yoast.com\/wordpress\/plugins\/seo\/ -->\n<title>Alerte volcanique maximale au Mont Fuji et \u00e9vacuation de milliers de r\u00e9sidents &#8211; Wonderful Japan<\/title>\n<meta name=\"robots\" content=\"index, follow, max-snippet:-1, max-image-preview:large, max-video-preview:-1\" \/>\n<link rel=\"canonical\" href=\"http:\/\/www.wonderful-japan.com\/fr\/alerte-volcanique-maximale-au-mont-fuji-et-evacuation-de-milliers-de-residents\/\" \/>\n<meta property=\"og:locale\" content=\"fr_FR\" \/>\n<meta property=\"og:type\" content=\"article\" \/>\n<meta property=\"og:title\" content=\"Alerte volcanique maximale au Mont Fuji et \u00e9vacuation de milliers de r\u00e9sidents &#8211; Wonderful Japan\" \/>\n<meta property=\"og:description\" content=\"FUJIYOSHIDA, Pr\u00e9fecture de Yamanashi &#8211; Des milliers de r\u00e9sidents vivant \u00e0 la base du mont Fuji ont \u00e9t\u00e9 \u00e9vacu\u00e9s ce dimanche 20 ao\u00fbt pour se mettre \u00e0 l&rsquo;abri d&rsquo;une \u00e9ruption volcanique. V\u00e9ritable splendeur iconographique du Japon, il est souvent oubli\u00e9 le fait que le mont Fuji ne soit pas un volcan \u00e9teint, mais bel et [&hellip;]\" \/>\n<meta property=\"og:url\" content=\"http:\/\/www.wonderful-japan.com\/fr\/alerte-volcanique-maximale-au-mont-fuji-et-evacuation-de-milliers-de-residents\/\" \/>\n<meta property=\"og:site_name\" content=\"Wonderful Japan\" \/>\n<meta property=\"article:publisher\" content=\"https:\/\/www.facebook.com\/Wonderful-Japan-493654644157867\/\" \/>\n<meta property=\"article:published_time\" content=\"2017-08-20T11:04:16+00:00\" \/>\n<meta property=\"article:modified_time\" content=\"2017-08-21T13:12:36+00:00\" \/>\n<meta name=\"author\" content=\"Aki\" \/>\n<meta name=\"twitter:card\" content=\"summary_large_image\" \/>\n<meta name=\"twitter:label1\" content=\"\u00c9crit par\" \/>\n\t<meta name=\"twitter:data1\" content=\"Aki\" \/>\n\t<meta name=\"twitter:label2\" content=\"Dur\u00e9e de lecture estim\u00e9e\" \/>\n\t<meta name=\"twitter:data2\" content=\"2 minutes\" \/>\n<script type=\"application\/ld+json\" class=\"yoast-schema-graph\">{\"@context\":\"https:\/\/schema.org\",\"@graph\":[{\"@type\":\"WebPage\",\"@id\":\"http:\/\/www.wonderful-japan.com\/fr\/alerte-volcanique-maximale-au-mont-fuji-et-evacuation-de-milliers-de-residents\/\",\"url\":\"http:\/\/www.wonderful-japan.com\/fr\/alerte-volcanique-maximale-au-mont-fuji-et-evacuation-de-milliers-de-residents\/\",\"name\":\"Alerte volcanique maximale au Mont Fuji et \u00e9vacuation de milliers de r\u00e9sidents &#8211; Wonderful Japan\",\"isPartOf\":{\"@id\":\"http:\/\/www.wonderful-japan.com\/fr\/#website\"},\"datePublished\":\"2017-08-20T11:04:16+00:00\",\"dateModified\":\"2017-08-21T13:12:36+00:00\",\"author\":{\"@id\":\"http:\/\/www.wonderful-japan.com\/fr\/#\/schema\/person\/47596535af61e0f65e7b68aa5589bef8\"},\"breadcrumb\":{\"@id\":\"http:\/\/www.wonderful-japan.com\/fr\/alerte-volcanique-maximale-au-mont-fuji-et-evacuation-de-milliers-de-residents\/#breadcrumb\"},\"inLanguage\":\"fr-FR\",\"potentialAction\":[{\"@type\":\"ReadAction\",\"target\":[\"http:\/\/www.wonderful-japan.com\/fr\/alerte-volcanique-maximale-au-mont-fuji-et-evacuation-de-milliers-de-residents\/\"]}]},{\"@type\":\"BreadcrumbList\",\"@id\":\"http:\/\/www.wonderful-japan.com\/fr\/alerte-volcanique-maximale-au-mont-fuji-et-evacuation-de-milliers-de-residents\/#breadcrumb\",\"itemListElement\":[{\"@type\":\"ListItem\",\"position\":1,\"name\":\"Home\",\"item\":\"http:\/\/www.wonderful-japan.com\/fr\/\"},{\"@type\":\"ListItem\",\"position\":2,\"name\":\"Alerte volcanique maximale au Mont Fuji et \u00e9vacuation de milliers de r\u00e9sidents\"}]},{\"@type\":\"WebSite\",\"@id\":\"http:\/\/www.wonderful-japan.com\/fr\/#website\",\"url\":\"http:\/\/www.wonderful-japan.com\/fr\/\",\"name\":\"Wonderful Japan\",\"description\":\"D\u00e9couvrez le Japon !\",\"potentialAction\":[{\"@type\":\"SearchAction\",\"target\":{\"@type\":\"EntryPoint\",\"urlTemplate\":\"http:\/\/www.wonderful-japan.com\/fr\/?s={search_term_string}\"},\"query-input\":{\"@type\":\"PropertyValueSpecification\",\"valueRequired\":true,\"valueName\":\"search_term_string\"}}],\"inLanguage\":\"fr-FR\"},{\"@type\":\"Person\",\"@id\":\"http:\/\/www.wonderful-japan.com\/fr\/#\/schema\/person\/47596535af61e0f65e7b68aa5589bef8\",\"name\":\"Aki\",\"image\":{\"@type\":\"ImageObject\",\"inLanguage\":\"fr-FR\",\"@id\":\"http:\/\/www.wonderful-japan.com\/fr\/#\/schema\/person\/image\/\",\"url\":\"https:\/\/secure.gravatar.com\/avatar\/c9bdc634a282656cc077e60bc3362e6dee50610ce35c893504300db4527052d7?s=96&d=mm&r=g\",\"contentUrl\":\"https:\/\/secure.gravatar.com\/avatar\/c9bdc634a282656cc077e60bc3362e6dee50610ce35c893504300db4527052d7?s=96&d=mm&r=g\",\"caption\":\"Aki\"}}]}<\/script>\n<!-- \/ Yoast SEO plugin. -->","yoast_head_json":{"title":"Alerte volcanique maximale au Mont Fuji et \u00e9vacuation de milliers de r\u00e9sidents &#8211; Wonderful Japan","robots":{"index":"index","follow":"follow","max-snippet":"max-snippet:-1","max-image-preview":"max-image-preview:large","max-video-preview":"max-video-preview:-1"},"canonical":"http:\/\/www.wonderful-japan.com\/fr\/alerte-volcanique-maximale-au-mont-fuji-et-evacuation-de-milliers-de-residents\/","og_locale":"fr_FR","og_type":"article","og_title":"Alerte volcanique maximale au Mont Fuji et \u00e9vacuation de milliers de r\u00e9sidents &#8211; Wonderful Japan","og_description":"FUJIYOSHIDA, Pr\u00e9fecture de Yamanashi &#8211; Des milliers de r\u00e9sidents vivant \u00e0 la base du mont Fuji ont \u00e9t\u00e9 \u00e9vacu\u00e9s ce dimanche 20 ao\u00fbt pour se mettre \u00e0 l&rsquo;abri d&rsquo;une \u00e9ruption volcanique. V\u00e9ritable splendeur iconographique du Japon, il est souvent oubli\u00e9 le fait que le mont Fuji ne soit pas un volcan \u00e9teint, mais bel et [&hellip;]","og_url":"http:\/\/www.wonderful-japan.com\/fr\/alerte-volcanique-maximale-au-mont-fuji-et-evacuation-de-milliers-de-residents\/","og_site_name":"Wonderful Japan","article_publisher":"https:\/\/www.facebook.com\/Wonderful-Japan-493654644157867\/","article_published_time":"2017-08-20T11:04:16+00:00","article_modified_time":"2017-08-21T13:12:36+00:00","author":"Aki","twitter_card":"summary_large_image","twitter_misc":{"\u00c9crit par":"Aki","Dur\u00e9e de lecture estim\u00e9e":"2 minutes"},"schema":{"@context":"https:\/\/schema.org","@graph":[{"@type":"WebPage","@id":"http:\/\/www.wonderful-japan.com\/fr\/alerte-volcanique-maximale-au-mont-fuji-et-evacuation-de-milliers-de-residents\/","url":"http:\/\/www.wonderful-japan.com\/fr\/alerte-volcanique-maximale-au-mont-fuji-et-evacuation-de-milliers-de-residents\/","name":"Alerte volcanique maximale au Mont Fuji et \u00e9vacuation de milliers de r\u00e9sidents &#8211; Wonderful Japan","isPartOf":{"@id":"http:\/\/www.wonderful-japan.com\/fr\/#website"},"datePublished":"2017-08-20T11:04:16+00:00","dateModified":"2017-08-21T13:12:36+00:00","author":{"@id":"http:\/\/www.wonderful-japan.com\/fr\/#\/schema\/person\/47596535af61e0f65e7b68aa5589bef8"},"breadcrumb":{"@id":"http:\/\/www.wonderful-japan.com\/fr\/alerte-volcanique-maximale-au-mont-fuji-et-evacuation-de-milliers-de-residents\/#breadcrumb"},"inLanguage":"fr-FR","potentialAction":[{"@type":"ReadAction","target":["http:\/\/www.wonderful-japan.com\/fr\/alerte-volcanique-maximale-au-mont-fuji-et-evacuation-de-milliers-de-residents\/"]}]},{"@type":"BreadcrumbList","@id":"http:\/\/www.wonderful-japan.com\/fr\/alerte-volcanique-maximale-au-mont-fuji-et-evacuation-de-milliers-de-residents\/#breadcrumb","itemListElement":[{"@type":"ListItem","position":1,"name":"Home","item":"http:\/\/www.wonderful-japan.com\/fr\/"},{"@type":"ListItem","position":2,"name":"Alerte volcanique maximale au Mont Fuji et \u00e9vacuation de milliers de r\u00e9sidents"}]},{"@type":"WebSite","@id":"http:\/\/www.wonderful-japan.com\/fr\/#website","url":"http:\/\/www.wonderful-japan.com\/fr\/","name":"Wonderful Japan","description":"D\u00e9couvrez le Japon !","potentialAction":[{"@type":"SearchAction","target":{"@type":"EntryPoint","urlTemplate":"http:\/\/www.wonderful-japan.com\/fr\/?s={search_term_string}"},"query-input":{"@type":"PropertyValueSpecification","valueRequired":true,"valueName":"search_term_string"}}],"inLanguage":"fr-FR"},{"@type":"Person","@id":"http:\/\/www.wonderful-japan.com\/fr\/#\/schema\/person\/47596535af61e0f65e7b68aa5589bef8","name":"Aki","image":{"@type":"ImageObject","inLanguage":"fr-FR","@id":"http:\/\/www.wonderful-japan.com\/fr\/#\/schema\/person\/image\/","url":"https:\/\/secure.gravatar.com\/avatar\/c9bdc634a282656cc077e60bc3362e6dee50610ce35c893504300db4527052d7?s=96&d=mm&r=g","contentUrl":"https:\/\/secure.gravatar.com\/avatar\/c9bdc634a282656cc077e60bc3362e6dee50610ce35c893504300db4527052d7?s=96&d=mm&r=g","caption":"Aki"}}]}},"_links":{"self":[{"href":"https:\/\/www.wonderful-japan.com\/fr\/wp-json\/wp\/v2\/posts\/6756","targetHints":{"allow":["GET"]}}],"collection":[{"href":"https:\/\/www.wonderful-japan.com\/fr\/wp-json\/wp\/v2\/posts"}],"about":[{"href":"https:\/\/www.wonderful-japan.com\/fr\/wp-json\/wp\/v2\/types\/post"}],"author":[{"embeddable":true,"href":"https:\/\/www.wonderful-japan.com\/fr\/wp-json\/wp\/v2\/users\/1"}],"replies":[{"embeddable":true,"href":"https:\/\/www.wonderful-japan.com\/fr\/wp-json\/wp\/v2\/comments?post=6756"}],"version-history":[{"count":3,"href":"https:\/\/www.wonderful-japan.com\/fr\/wp-json\/wp\/v2\/posts\/6756\/revisions"}],"predecessor-version":[{"id":13226,"href":"https:\/\/www.wonderful-japan.com\/fr\/wp-json\/wp\/v2\/posts\/6756\/revisions\/13226"}],"wp:attachment":[{"href":"https:\/\/www.wonderful-japan.com\/fr\/wp-json\/wp\/v2\/media?parent=6756"}],"wp:term":[{"taxonomy":"category","embeddable":true,"href":"https:\/\/www.wonderful-japan.com\/fr\/wp-json\/wp\/v2\/categories?post=6756"},{"taxonomy":"post_tag","embeddable":true,"href":"https:\/\/www.wonderful-japan.com\/fr\/wp-json\/wp\/v2\/tags?post=6756"},{"taxonomy":"post_folder","embeddable":true,"href":"https:\/\/www.wonderful-japan.com\/fr\/wp-json\/wp\/v2\/post_folder?post=6756"}],"curies":[{"name":"wp","href":"https:\/\/api.w.org\/{rel}","templated":true}]}}