{"id":6854,"date":"2017-08-28T20:35:58","date_gmt":"2017-08-28T19:35:58","guid":{"rendered":"https:\/\/www.wonderful-japan.com\/fr\/?p=6854"},"modified":"2017-08-28T20:35:58","modified_gmt":"2017-08-28T19:35:58","slug":"reouverture-de-la-route-reliant-minami-aso-kumamoto-detruite-lors-des-seismes-de-2016","status":"publish","type":"post","link":"https:\/\/www.wonderful-japan.com\/fr\/reouverture-de-la-route-reliant-minami-aso-kumamoto-detruite-lors-des-seismes-de-2016\/","title":{"rendered":"R\u00e9ouverture de la route reliant Minami-Aso \u00e0 Kumamoto d\u00e9truite lors des s\u00e9ismes de 2016"},"content":{"rendered":"<p style=\"text-align: justify;\">MINAMI-ASO, pr\u00e9fecture de Kumamoto &#8211; Une partie des ponts endommag\u00e9s par la s\u00e9rie de tremblements de terre survenus l&rsquo;ann\u00e9e derni\u00e8re ont \u00e9t\u00e9 reconstruits et les tron\u00e7ons ont \u00e9t\u00e9 reconnect\u00e9es, ce qui a permis aux villageois d&rsquo;obtenir de nouveau une route directe tant attendue vers l&rsquo;ouest.<\/p>\n<p style=\"text-align: justify;\">La route du pont Aso Choyo-ohashi a r\u00e9-ouvert ses portes le 27 ao\u00fbt dernier \u00e0 Minami-Aso, l&rsquo;une des zones les plus durement touch\u00e9es par les tremblements de terre qui ont frapp\u00e9 la pr\u00e9fecture de Kumamoto en avril 2016.<\/p>\n<p style=\"text-align: justify;\">\u00ab\u00a0C&rsquo;est un pont d&rsquo;espoir pour le r\u00e9tablissement des zones touch\u00e9es par les tremblements de terre\u00a0\u00bb, a d\u00e9clar\u00e9 Seiichi Kira, le maire de Minami-Aso, lors de la c\u00e9r\u00e9monie d&rsquo;inauguration de la route.<\/p>\n<p style=\"text-align: justify;\">Un tremblement de terre de magnitude 7,3 survenu le 16 avril 2016 avait provoqu\u00e9 l&rsquo;effondrement du pont Aso Choyo-ohashi long de 276 m\u00e8tres ainsi que le pont Toshita-ohashi de 380 m\u00e8tres.<\/p>\n<p style=\"text-align: justify;\">Les d\u00e9g\u00e2ts avaient de fait coup\u00e9 l&rsquo;itin\u00e9raire qui reliait la partie centrale du village de Minami-Aso aux zones urbaines, comme notamment la ville de Kumamoto situ\u00e9e \u00e0 l&rsquo;ouest.\u00a0Le centre du village a \u00e9galement \u00e9t\u00e9 coup\u00e9 de son quartier de Tateno au nord-ouest.<\/p>\n<p style=\"text-align: justify;\">Les villageois ont ainsi \u00e9t\u00e9 forc\u00e9s jusque l\u00e0 d&#8217;emprunter un d\u00e9tour d&rsquo;une heure de temps reliant l&rsquo;\u00e9changeur de Kumamoto situ\u00e9 dans le quartier Higashi de la ville de Kumamoto jusqu&rsquo;au village de Minami-Aso.<\/p>\n<p style=\"text-align: justify;\">Le tron\u00e7on de 3 km de route qui relie les deux ponts r\u00e9par\u00e9s \u00e9tant maintenant achev\u00e9, le temps du trajet se voit \u00eatre r\u00e9duit \u00e0 35 minutes.<\/p>\n<p style=\"text-align: justify;\">Cependant, le village de 11 000 habitants est toujours priv\u00e9 d&rsquo;un passage convenable dans le nord.<\/p>\n<p style=\"text-align: justify;\">En effet, le pont Aso-ohashi long de 200 m\u00e8tres et situ\u00e9 au nord des deux ponts r\u00e9par\u00e9s, a \u00e9t\u00e9 d\u00e9truit dans le gigantesque glissement de terrain emportant tout un pan de la montagne d\u00e9clench\u00e9 par le s\u00e9isme pr\u00e9c\u00e9dent, celui du 14 avril 2016 qui fut de magnitude 6,5.<\/p>\n<p style=\"text-align: justify;\">En raison de l&rsquo;importance des travaux \u00e0 y effectuer, le nouveau pont Aso-ohashi devrait n&rsquo;ouvrir qu&rsquo;en 2020.<\/p>\n","protected":false},"excerpt":{"rendered":"<p>MINAMI-ASO, pr\u00e9fecture de Kumamoto &#8211; Une partie des ponts endommag\u00e9s par la s\u00e9rie de tremblements de terre survenus l&rsquo;ann\u00e9e derni\u00e8re ont \u00e9t\u00e9 reconstruits et les tron\u00e7ons ont \u00e9t\u00e9 reconnect\u00e9es, ce qui a permis aux villageois d&rsquo;obtenir de nouveau une route directe tant attendue vers l&rsquo;ouest. La route du pont Aso Choyo-ohashi a r\u00e9-ouvert ses portes [&hellip;]<\/p>\n","protected":false},"author":1,"featured_media":0,"comment_status":"closed","ping_status":"open","sticky":false,"template":"","format":"standard","meta":{"_et_pb_use_builder":"","_et_pb_old_content":"","_et_gb_content_width":"","footnotes":""},"categories":[21],"tags":[],"post_folder":[110],"class_list":["post-6854","post","type-post","status-publish","format-standard","hentry","category-actualite"],"yoast_head":"<!-- This site is optimized with the Yoast SEO plugin v26.4 - https:\/\/yoast.com\/wordpress\/plugins\/seo\/ -->\n<title>R\u00e9ouverture de la route reliant Minami-Aso \u00e0 Kumamoto d\u00e9truite lors des s\u00e9ismes de 2016 &#8211; Wonderful Japan<\/title>\n<meta name=\"robots\" content=\"index, follow, max-snippet:-1, max-image-preview:large, max-video-preview:-1\" \/>\n<link rel=\"canonical\" href=\"http:\/\/www.wonderful-japan.com\/fr\/reouverture-de-la-route-reliant-minami-aso-kumamoto-detruite-lors-des-seismes-de-2016\/\" \/>\n<meta property=\"og:locale\" content=\"fr_FR\" \/>\n<meta property=\"og:type\" content=\"article\" \/>\n<meta property=\"og:title\" content=\"R\u00e9ouverture de la route reliant Minami-Aso \u00e0 Kumamoto d\u00e9truite lors des s\u00e9ismes de 2016 &#8211; Wonderful Japan\" \/>\n<meta property=\"og:description\" content=\"MINAMI-ASO, pr\u00e9fecture de Kumamoto &#8211; Une partie des ponts endommag\u00e9s par la s\u00e9rie de tremblements de terre survenus l&rsquo;ann\u00e9e derni\u00e8re ont \u00e9t\u00e9 reconstruits et les tron\u00e7ons ont \u00e9t\u00e9 reconnect\u00e9es, ce qui a permis aux villageois d&rsquo;obtenir de nouveau une route directe tant attendue vers l&rsquo;ouest. La route du pont Aso Choyo-ohashi a r\u00e9-ouvert ses portes [&hellip;]\" \/>\n<meta property=\"og:url\" content=\"http:\/\/www.wonderful-japan.com\/fr\/reouverture-de-la-route-reliant-minami-aso-kumamoto-detruite-lors-des-seismes-de-2016\/\" \/>\n<meta property=\"og:site_name\" content=\"Wonderful Japan\" \/>\n<meta property=\"article:publisher\" content=\"https:\/\/www.facebook.com\/Wonderful-Japan-493654644157867\/\" \/>\n<meta property=\"article:published_time\" content=\"2017-08-28T19:35:58+00:00\" \/>\n<meta name=\"author\" content=\"Aki\" \/>\n<meta name=\"twitter:card\" content=\"summary_large_image\" \/>\n<meta name=\"twitter:label1\" content=\"\u00c9crit par\" \/>\n\t<meta name=\"twitter:data1\" content=\"Aki\" \/>\n\t<meta name=\"twitter:label2\" content=\"Dur\u00e9e de lecture estim\u00e9e\" \/>\n\t<meta name=\"twitter:data2\" content=\"2 minutes\" \/>\n<script type=\"application\/ld+json\" class=\"yoast-schema-graph\">{\"@context\":\"https:\/\/schema.org\",\"@graph\":[{\"@type\":\"WebPage\",\"@id\":\"http:\/\/www.wonderful-japan.com\/fr\/reouverture-de-la-route-reliant-minami-aso-kumamoto-detruite-lors-des-seismes-de-2016\/\",\"url\":\"http:\/\/www.wonderful-japan.com\/fr\/reouverture-de-la-route-reliant-minami-aso-kumamoto-detruite-lors-des-seismes-de-2016\/\",\"name\":\"R\u00e9ouverture de la route reliant Minami-Aso \u00e0 Kumamoto d\u00e9truite lors des s\u00e9ismes de 2016 &#8211; Wonderful Japan\",\"isPartOf\":{\"@id\":\"http:\/\/www.wonderful-japan.com\/fr\/#website\"},\"datePublished\":\"2017-08-28T19:35:58+00:00\",\"author\":{\"@id\":\"http:\/\/www.wonderful-japan.com\/fr\/#\/schema\/person\/47596535af61e0f65e7b68aa5589bef8\"},\"breadcrumb\":{\"@id\":\"http:\/\/www.wonderful-japan.com\/fr\/reouverture-de-la-route-reliant-minami-aso-kumamoto-detruite-lors-des-seismes-de-2016\/#breadcrumb\"},\"inLanguage\":\"fr-FR\",\"potentialAction\":[{\"@type\":\"ReadAction\",\"target\":[\"http:\/\/www.wonderful-japan.com\/fr\/reouverture-de-la-route-reliant-minami-aso-kumamoto-detruite-lors-des-seismes-de-2016\/\"]}]},{\"@type\":\"BreadcrumbList\",\"@id\":\"http:\/\/www.wonderful-japan.com\/fr\/reouverture-de-la-route-reliant-minami-aso-kumamoto-detruite-lors-des-seismes-de-2016\/#breadcrumb\",\"itemListElement\":[{\"@type\":\"ListItem\",\"position\":1,\"name\":\"Home\",\"item\":\"http:\/\/www.wonderful-japan.com\/fr\/\"},{\"@type\":\"ListItem\",\"position\":2,\"name\":\"R\u00e9ouverture de la route reliant Minami-Aso \u00e0 Kumamoto d\u00e9truite lors des s\u00e9ismes de 2016\"}]},{\"@type\":\"WebSite\",\"@id\":\"http:\/\/www.wonderful-japan.com\/fr\/#website\",\"url\":\"http:\/\/www.wonderful-japan.com\/fr\/\",\"name\":\"Wonderful Japan\",\"description\":\"D\u00e9couvrez le Japon !\",\"potentialAction\":[{\"@type\":\"SearchAction\",\"target\":{\"@type\":\"EntryPoint\",\"urlTemplate\":\"http:\/\/www.wonderful-japan.com\/fr\/?s={search_term_string}\"},\"query-input\":{\"@type\":\"PropertyValueSpecification\",\"valueRequired\":true,\"valueName\":\"search_term_string\"}}],\"inLanguage\":\"fr-FR\"},{\"@type\":\"Person\",\"@id\":\"http:\/\/www.wonderful-japan.com\/fr\/#\/schema\/person\/47596535af61e0f65e7b68aa5589bef8\",\"name\":\"Aki\",\"image\":{\"@type\":\"ImageObject\",\"inLanguage\":\"fr-FR\",\"@id\":\"http:\/\/www.wonderful-japan.com\/fr\/#\/schema\/person\/image\/\",\"url\":\"https:\/\/secure.gravatar.com\/avatar\/c9bdc634a282656cc077e60bc3362e6dee50610ce35c893504300db4527052d7?s=96&d=mm&r=g\",\"contentUrl\":\"https:\/\/secure.gravatar.com\/avatar\/c9bdc634a282656cc077e60bc3362e6dee50610ce35c893504300db4527052d7?s=96&d=mm&r=g\",\"caption\":\"Aki\"}}]}<\/script>\n<!-- \/ Yoast SEO plugin. -->","yoast_head_json":{"title":"R\u00e9ouverture de la route reliant Minami-Aso \u00e0 Kumamoto d\u00e9truite lors des s\u00e9ismes de 2016 &#8211; Wonderful Japan","robots":{"index":"index","follow":"follow","max-snippet":"max-snippet:-1","max-image-preview":"max-image-preview:large","max-video-preview":"max-video-preview:-1"},"canonical":"http:\/\/www.wonderful-japan.com\/fr\/reouverture-de-la-route-reliant-minami-aso-kumamoto-detruite-lors-des-seismes-de-2016\/","og_locale":"fr_FR","og_type":"article","og_title":"R\u00e9ouverture de la route reliant Minami-Aso \u00e0 Kumamoto d\u00e9truite lors des s\u00e9ismes de 2016 &#8211; Wonderful Japan","og_description":"MINAMI-ASO, pr\u00e9fecture de Kumamoto &#8211; Une partie des ponts endommag\u00e9s par la s\u00e9rie de tremblements de terre survenus l&rsquo;ann\u00e9e derni\u00e8re ont \u00e9t\u00e9 reconstruits et les tron\u00e7ons ont \u00e9t\u00e9 reconnect\u00e9es, ce qui a permis aux villageois d&rsquo;obtenir de nouveau une route directe tant attendue vers l&rsquo;ouest. La route du pont Aso Choyo-ohashi a r\u00e9-ouvert ses portes [&hellip;]","og_url":"http:\/\/www.wonderful-japan.com\/fr\/reouverture-de-la-route-reliant-minami-aso-kumamoto-detruite-lors-des-seismes-de-2016\/","og_site_name":"Wonderful Japan","article_publisher":"https:\/\/www.facebook.com\/Wonderful-Japan-493654644157867\/","article_published_time":"2017-08-28T19:35:58+00:00","author":"Aki","twitter_card":"summary_large_image","twitter_misc":{"\u00c9crit par":"Aki","Dur\u00e9e de lecture estim\u00e9e":"2 minutes"},"schema":{"@context":"https:\/\/schema.org","@graph":[{"@type":"WebPage","@id":"http:\/\/www.wonderful-japan.com\/fr\/reouverture-de-la-route-reliant-minami-aso-kumamoto-detruite-lors-des-seismes-de-2016\/","url":"http:\/\/www.wonderful-japan.com\/fr\/reouverture-de-la-route-reliant-minami-aso-kumamoto-detruite-lors-des-seismes-de-2016\/","name":"R\u00e9ouverture de la route reliant Minami-Aso \u00e0 Kumamoto d\u00e9truite lors des s\u00e9ismes de 2016 &#8211; Wonderful Japan","isPartOf":{"@id":"http:\/\/www.wonderful-japan.com\/fr\/#website"},"datePublished":"2017-08-28T19:35:58+00:00","author":{"@id":"http:\/\/www.wonderful-japan.com\/fr\/#\/schema\/person\/47596535af61e0f65e7b68aa5589bef8"},"breadcrumb":{"@id":"http:\/\/www.wonderful-japan.com\/fr\/reouverture-de-la-route-reliant-minami-aso-kumamoto-detruite-lors-des-seismes-de-2016\/#breadcrumb"},"inLanguage":"fr-FR","potentialAction":[{"@type":"ReadAction","target":["http:\/\/www.wonderful-japan.com\/fr\/reouverture-de-la-route-reliant-minami-aso-kumamoto-detruite-lors-des-seismes-de-2016\/"]}]},{"@type":"BreadcrumbList","@id":"http:\/\/www.wonderful-japan.com\/fr\/reouverture-de-la-route-reliant-minami-aso-kumamoto-detruite-lors-des-seismes-de-2016\/#breadcrumb","itemListElement":[{"@type":"ListItem","position":1,"name":"Home","item":"http:\/\/www.wonderful-japan.com\/fr\/"},{"@type":"ListItem","position":2,"name":"R\u00e9ouverture de la route reliant Minami-Aso \u00e0 Kumamoto d\u00e9truite lors des s\u00e9ismes de 2016"}]},{"@type":"WebSite","@id":"http:\/\/www.wonderful-japan.com\/fr\/#website","url":"http:\/\/www.wonderful-japan.com\/fr\/","name":"Wonderful Japan","description":"D\u00e9couvrez le Japon !","potentialAction":[{"@type":"SearchAction","target":{"@type":"EntryPoint","urlTemplate":"http:\/\/www.wonderful-japan.com\/fr\/?s={search_term_string}"},"query-input":{"@type":"PropertyValueSpecification","valueRequired":true,"valueName":"search_term_string"}}],"inLanguage":"fr-FR"},{"@type":"Person","@id":"http:\/\/www.wonderful-japan.com\/fr\/#\/schema\/person\/47596535af61e0f65e7b68aa5589bef8","name":"Aki","image":{"@type":"ImageObject","inLanguage":"fr-FR","@id":"http:\/\/www.wonderful-japan.com\/fr\/#\/schema\/person\/image\/","url":"https:\/\/secure.gravatar.com\/avatar\/c9bdc634a282656cc077e60bc3362e6dee50610ce35c893504300db4527052d7?s=96&d=mm&r=g","contentUrl":"https:\/\/secure.gravatar.com\/avatar\/c9bdc634a282656cc077e60bc3362e6dee50610ce35c893504300db4527052d7?s=96&d=mm&r=g","caption":"Aki"}}]}},"_links":{"self":[{"href":"https:\/\/www.wonderful-japan.com\/fr\/wp-json\/wp\/v2\/posts\/6854","targetHints":{"allow":["GET"]}}],"collection":[{"href":"https:\/\/www.wonderful-japan.com\/fr\/wp-json\/wp\/v2\/posts"}],"about":[{"href":"https:\/\/www.wonderful-japan.com\/fr\/wp-json\/wp\/v2\/types\/post"}],"author":[{"embeddable":true,"href":"https:\/\/www.wonderful-japan.com\/fr\/wp-json\/wp\/v2\/users\/1"}],"replies":[{"embeddable":true,"href":"https:\/\/www.wonderful-japan.com\/fr\/wp-json\/wp\/v2\/comments?post=6854"}],"version-history":[{"count":3,"href":"https:\/\/www.wonderful-japan.com\/fr\/wp-json\/wp\/v2\/posts\/6854\/revisions"}],"predecessor-version":[{"id":13225,"href":"https:\/\/www.wonderful-japan.com\/fr\/wp-json\/wp\/v2\/posts\/6854\/revisions\/13225"}],"wp:attachment":[{"href":"https:\/\/www.wonderful-japan.com\/fr\/wp-json\/wp\/v2\/media?parent=6854"}],"wp:term":[{"taxonomy":"category","embeddable":true,"href":"https:\/\/www.wonderful-japan.com\/fr\/wp-json\/wp\/v2\/categories?post=6854"},{"taxonomy":"post_tag","embeddable":true,"href":"https:\/\/www.wonderful-japan.com\/fr\/wp-json\/wp\/v2\/tags?post=6854"},{"taxonomy":"post_folder","embeddable":true,"href":"https:\/\/www.wonderful-japan.com\/fr\/wp-json\/wp\/v2\/post_folder?post=6854"}],"curies":[{"name":"wp","href":"https:\/\/api.w.org\/{rel}","templated":true}]}}