{"id":9788,"date":"2019-05-08T11:23:13","date_gmt":"2019-05-08T10:23:13","guid":{"rendered":"https:\/\/www.wonderful-japan.com\/fr\/?p=9788"},"modified":"2024-06-05T19:35:20","modified_gmt":"2024-06-05T18:35:20","slug":"pourquoi-les-japonais-portent-des-masques","status":"publish","type":"post","link":"https:\/\/www.wonderful-japan.com\/fr\/pourquoi-les-japonais-portent-des-masques\/","title":{"rendered":"Pourquoi les japonais portent des masques ?"},"content":{"rendered":"<p>[et_pb_section fb_built=\u00a0\u00bb1&Prime; _builder_version=\u00a0\u00bb4.23.1&Prime; _module_preset=\u00a0\u00bb6fe43e6d-353d-46e0-b5f8-84d4a95fef2d\u00a0\u00bb background_image=\u00a0\u00bbhttps:\/\/www.wonderful-japan.com\/jp\/wp-content\/uploads\/sites\/9\/2024\/03\/pattern-101.jpg\u00a0\u00bb background_size=\u00a0\u00bbinitial\u00a0\u00bb background_repeat=\u00a0\u00bbrepeat-y\u00a0\u00bb custom_padding=\u00a0\u00bb0px||0px||false|false\u00a0\u00bb global_colors_info=\u00a0\u00bb%91%93&Prime;][et_pb_row _builder_version=\u00a0\u00bb4.23.1&Prime; _module_preset=\u00a0\u00bb90d54ad8-13b1-4dfa-a9e1-608b31efa6f8&Prime; background_image=\u00a0\u00bbhttps:\/\/www.wonderful-japan.com\/fr\/wp-content\/uploads\/sites\/3\/2024\/06\/japanese-mask.jpg\u00a0\u00bb background_position=\u00a0\u00bbbottom_center\u00a0\u00bb background_vertical_offset=\u00a0\u00bb30%\u00a0\u00bb width=\u00a0\u00bb100%\u00a0\u00bb max_width=\u00a0\u00bb1920px\u00a0\u00bb module_alignment=\u00a0\u00bbcenter\u00a0\u00bb min_height=\u00a0\u00bb60vh\u00a0\u00bb height=\u00a0\u00bb65vh\u00a0\u00bb max_height=\u00a0\u00bb65vh\u00a0\u00bb custom_margin=\u00a0\u00bb0px||0px||false|false\u00a0\u00bb hover_enabled=\u00a0\u00bb0&Prime; global_colors_info=\u00a0\u00bb%91%93&Prime; title_text=\u00a0\u00bbjapanese-mask\u00a0\u00bb sticky_enabled=\u00a0\u00bb0&Prime;][et_pb_column type=\u00a0\u00bb4_4&Prime; _builder_version=\u00a0\u00bb4.23.1&Prime; _module_preset=\u00a0\u00bbdefault\u00a0\u00bb global_colors_info=\u00a0\u00bb{}\u00a0\u00bb][\/et_pb_column][\/et_pb_row][et_pb_row _builder_version=\u00a0\u00bb4.23.1&Prime; _module_preset=\u00a0\u00bba061168a-ddbf-49c1-a569-f93ce5c11800&Prime; custom_margin=\u00a0\u00bb||||false|false\u00a0\u00bb custom_padding=\u00a0\u00bb|30px||30px|false|false\u00a0\u00bb global_colors_info=\u00a0\u00bb%91%93&Prime;][et_pb_column type=\u00a0\u00bb4_4&Prime; _builder_version=\u00a0\u00bb4.23.1&Prime; _module_preset=\u00a0\u00bbdefault\u00a0\u00bb global_colors_info=\u00a0\u00bb{}\u00a0\u00bb][et_pb_text _builder_version=\u00a0\u00bb4.23.1&Prime; _module_preset=\u00a0\u00bb8d4f8e9c-644d-4fcb-bf54-910dee3772ac\u00a0\u00bb text_font=\u00a0\u00bbPoppins||||||||\u00a0\u00bb text_text_color=\u00a0\u00bb#646462&Prime; text_font_size=\u00a0\u00bb17px\u00a0\u00bb text_letter_spacing=\u00a0\u00bb1px\u00a0\u00bb text_line_height=\u00a0\u00bb1.75em\u00a0\u00bb link_text_color=\u00a0\u00bb#c5a86e\u00a0\u00bb header_font=\u00a0\u00bbPoppins|300||on|||||\u00a0\u00bb header_text_align=\u00a0\u00bbcenter\u00a0\u00bb header_text_color=\u00a0\u00bb#000000&Prime; header_font_size=\u00a0\u00bb35px\u00a0\u00bb header_letter_spacing=\u00a0\u00bb3px\u00a0\u00bb global_colors_info=\u00a0\u00bb%91%93&Prime;]<\/p>\n<h1 style=\"text-align: center;\"><strong>Pourquoi les Japonais portent des masques<\/strong>\u00a0: <span>hygi\u00e8ne de vie et respect de l\u2019autre<\/span><\/h1>\n<p>&nbsp;<\/p>\n<div class=\"flex_column av-bmhey8i-e1db4fc60fcf6c0e4bcaa912165f4077 av_one_full  avia-builder-el-4  el_after_av_hr  el_before_av_image  first flex_column_div av-zero-column-padding  \">\n<section class=\"av_textblock_section av-lqdsvyet-44bf5c4e7cca7da81b29a61a2bcd05cf \" itemscope=\"itemscope\" itemtype=\"https:\/\/schema.org\/BlogPosting\" itemprop=\"blogPost\">\n<div class=\"avia_textblock\" itemprop=\"text\">\n<div class=\"flex_column av-ck04b1o-454c7a7bfd64c79a9c12e74f90113167 av_one_full  avia-builder-el-5  el_after_av_hr  el_before_av_hr  first flex_column_div av-zero-column-padding  \">\n<section class=\"av_textblock_section av-lq2qfjyt-0a09a0601da01bc7509d357d764a4152 \" itemscope=\"itemscope\" itemtype=\"https:\/\/schema.org\/BlogPosting\" itemprop=\"blogPost\">\n<div class=\"avia_textblock\" itemprop=\"text\">\n<div class=\"flex_column av-ctlk0kp-e696ec738914306b14e37fbd45a23173 av_one_full  avia-builder-el-5  el_after_av_hr  el_before_av_hr  first flex_column_div av-zero-column-padding  \">\n<section class=\"av_textblock_section av-lt36rtg3-3262e58055a072bda5cacdfb78e4a7c9 \" itemscope=\"itemscope\" itemtype=\"https:\/\/schema.org\/BlogPosting\" itemprop=\"blogPost\">\n<div class=\"avia_textblock\" itemprop=\"text\">\n<section class=\"av_textblock_section av-6a810-697d0ce64f985c29a0b124bd904a2a61 \" itemscope=\"itemscope\" itemtype=\"https:\/\/schema.org\/BlogPosting\" itemprop=\"blogPost\">\n<div class=\"avia_textblock\" itemprop=\"text\">\n<section class=\"av_textblock_section av-gh56uz-2d6ced107318a7d23851bac64e60e470 \" itemscope=\"itemscope\" itemtype=\"https:\/\/schema.org\/BlogPosting\" itemprop=\"blogPost\">\n<div class=\"avia_textblock\" itemprop=\"text\">\n<p>Les Japonais sont nombreux \u00e0 utiliser r\u00e9guli\u00e8rement des masques sanitaires blancs cachant la moiti\u00e9 de leur visage, mais contrairement aux id\u00e9es re\u00e7ues, le port du masque au Japon n\u2019a absolument aucun rapport avec une quelconque pollution, le pays b\u00e9n\u00e9ficiant d\u2019une bonne qualit\u00e9 d\u2019air (contrairement \u00e0\u00a0 ses voisins asiatiques), et ce m\u00eame dans les grandes villes\u2026 En effet,<span>\u00a0<\/span><a href=\"https:\/\/www.wonderful-japan.com\/fr\/tokyo\/\">Tokyo<\/a><span>\u00a0<\/span>ne connait pas le smog et poss\u00e8de un taux de concentration en particules fines relativement faible.<\/p>\n<p>La raison principale du port du masque \u00e9tant d\u2019\u00e9viter de v\u00e9hiculer ses microbes aux autres : que se soit un simple rhume ou une bonne grippe, au Japon lorsqu\u2019on est malade, on porte syst\u00e9matiquement un masque pour pr\u00e9server son entourage, c\u2019est une question de bon sens et de respect mutuel. Cependant, durant les p\u00e9riodes froides qui sont les plus propices pour tomber malade, davantage de personnes portent aussi un masque uniquement par pr\u00e9vention, car il vaut mieux pr\u00e9venir que gu\u00e9rir.<\/p>\n<p>Par ailleurs, une autre raison du port du masque en hiver s\u2019explique du fait qu\u2019il tient chaud au visage, et surtout qu\u2019il emp\u00eache d\u2019avoir la gorge irrit\u00e9e par l\u2019air froid quand on respire.<\/p>\n<p>Vient ensuite le probl\u00e8me du pollen qui se pose avec l\u2019arriv\u00e9e du printemps. En effet, pr\u00e8s d\u2019un quart des japonais \u00e9tant allergiques au pollen, le port du masque reste assez r\u00e9pandu en cette saison o\u00f9 les temp\u00e9ratures commencent pourtant \u00e0 \u00eatre cl\u00e9mentes. N\u00e9anmoins en \u00e9t\u00e9, faisant chaud et n\u2019ayant plus de virus dans l\u2019air, les masques disparaissent des visages pour ne r\u00e9appara\u00eetre qu\u2019\u00e0 partir de l\u2019automne.<\/p>\n<p>Il existe aussi plusieurs autres raisons sans rapport sanitaire directe, comme dans certains domaines professionnels (agents de gare, policiers, taxis,\u2026) o\u00f9 le port du masque peut s\u2019apparenter \u00e0 une forme de biens\u00e9ance allant souvent de paire avec le port de gants blancs et marquant ainsi \u00a0une pr\u00e9sentation soign\u00e9e et respectueuse.<\/p>\n<p>Enfin, aussi \u00e9trange que cela puisse para\u00eetre pour les \u00e9trangers, le masque sanitaire est devenu au fil du temps un ustensile de mode pour certains jeunes japonais qui en portent de diff\u00e9rentes couleurs et aux motifs vari\u00e9s.<\/p>\n<\/div>\n<\/section>\n<\/div>\n<\/section>\n<\/div>\n<\/section>\n<\/div>\n<\/div>\n<\/section>\n<\/div>\n<\/div>\n<\/section>\n<\/div>\n<p>[\/et_pb_text][\/et_pb_column][\/et_pb_row][\/et_pb_section]<\/p>\n","protected":false},"excerpt":{"rendered":"<p>Pourquoi les Japonais portent des masques\u00a0: hygi\u00e8ne de vie et respect de l\u2019autre &nbsp; Les Japonais sont nombreux \u00e0 utiliser r\u00e9guli\u00e8rement des masques sanitaires blancs cachant la moiti\u00e9 de leur visage, mais contrairement aux id\u00e9es re\u00e7ues, le port du masque au Japon n\u2019a absolument aucun rapport avec une quelconque pollution, le pays b\u00e9n\u00e9ficiant d\u2019une bonne [&hellip;]<\/p>\n","protected":false},"author":1,"featured_media":0,"comment_status":"closed","ping_status":"open","sticky":false,"template":"","format":"standard","meta":{"_et_pb_use_builder":"on","_et_pb_old_content":"","_et_gb_content_width":"","footnotes":""},"categories":[1],"tags":[],"post_folder":[141],"class_list":["post-9788","post","type-post","status-publish","format-standard","hentry","category-non-classe"],"yoast_head":"<!-- This site is optimized with the Yoast SEO plugin v26.4 - https:\/\/yoast.com\/wordpress\/plugins\/seo\/ -->\n<title>Pourquoi les japonais portent des masques ? &#8211; Wonderful Japan<\/title>\n<meta name=\"robots\" content=\"index, follow, max-snippet:-1, max-image-preview:large, max-video-preview:-1\" \/>\n<link rel=\"canonical\" href=\"http:\/\/www.wonderful-japan.com\/fr\/pourquoi-les-japonais-portent-des-masques\/\" \/>\n<meta property=\"og:locale\" content=\"fr_FR\" \/>\n<meta property=\"og:type\" content=\"article\" \/>\n<meta property=\"og:title\" content=\"Pourquoi les japonais portent des masques ? &#8211; Wonderful Japan\" \/>\n<meta property=\"og:description\" content=\"Pourquoi les Japonais portent des masques\u00a0: hygi\u00e8ne de vie et respect de l\u2019autre &nbsp; Les Japonais sont nombreux \u00e0 utiliser r\u00e9guli\u00e8rement des masques sanitaires blancs cachant la moiti\u00e9 de leur visage, mais contrairement aux id\u00e9es re\u00e7ues, le port du masque au Japon n\u2019a absolument aucun rapport avec une quelconque pollution, le pays b\u00e9n\u00e9ficiant d\u2019une bonne [&hellip;]\" \/>\n<meta property=\"og:url\" content=\"http:\/\/www.wonderful-japan.com\/fr\/pourquoi-les-japonais-portent-des-masques\/\" \/>\n<meta property=\"og:site_name\" content=\"Wonderful Japan\" \/>\n<meta property=\"article:publisher\" content=\"https:\/\/www.facebook.com\/Wonderful-Japan-493654644157867\/\" \/>\n<meta property=\"article:published_time\" content=\"2019-05-08T10:23:13+00:00\" \/>\n<meta property=\"article:modified_time\" content=\"2024-06-05T18:35:20+00:00\" \/>\n<meta name=\"author\" content=\"Aki\" \/>\n<meta name=\"twitter:card\" content=\"summary_large_image\" \/>\n<meta name=\"twitter:label1\" content=\"\u00c9crit par\" \/>\n\t<meta name=\"twitter:data1\" content=\"Aki\" \/>\n\t<meta name=\"twitter:label2\" content=\"Dur\u00e9e de lecture estim\u00e9e\" \/>\n\t<meta name=\"twitter:data2\" content=\"2 minutes\" \/>\n<script type=\"application\/ld+json\" class=\"yoast-schema-graph\">{\"@context\":\"https:\/\/schema.org\",\"@graph\":[{\"@type\":\"WebPage\",\"@id\":\"http:\/\/www.wonderful-japan.com\/fr\/pourquoi-les-japonais-portent-des-masques\/\",\"url\":\"http:\/\/www.wonderful-japan.com\/fr\/pourquoi-les-japonais-portent-des-masques\/\",\"name\":\"Pourquoi les japonais portent des masques ? &#8211; Wonderful Japan\",\"isPartOf\":{\"@id\":\"http:\/\/www.wonderful-japan.com\/fr\/#website\"},\"datePublished\":\"2019-05-08T10:23:13+00:00\",\"dateModified\":\"2024-06-05T18:35:20+00:00\",\"author\":{\"@id\":\"http:\/\/www.wonderful-japan.com\/fr\/#\/schema\/person\/47596535af61e0f65e7b68aa5589bef8\"},\"breadcrumb\":{\"@id\":\"http:\/\/www.wonderful-japan.com\/fr\/pourquoi-les-japonais-portent-des-masques\/#breadcrumb\"},\"inLanguage\":\"fr-FR\",\"potentialAction\":[{\"@type\":\"ReadAction\",\"target\":[\"http:\/\/www.wonderful-japan.com\/fr\/pourquoi-les-japonais-portent-des-masques\/\"]}]},{\"@type\":\"BreadcrumbList\",\"@id\":\"http:\/\/www.wonderful-japan.com\/fr\/pourquoi-les-japonais-portent-des-masques\/#breadcrumb\",\"itemListElement\":[{\"@type\":\"ListItem\",\"position\":1,\"name\":\"Home\",\"item\":\"http:\/\/www.wonderful-japan.com\/fr\/\"},{\"@type\":\"ListItem\",\"position\":2,\"name\":\"Pourquoi les japonais portent des masques ?\"}]},{\"@type\":\"WebSite\",\"@id\":\"http:\/\/www.wonderful-japan.com\/fr\/#website\",\"url\":\"http:\/\/www.wonderful-japan.com\/fr\/\",\"name\":\"Wonderful Japan\",\"description\":\"D\u00e9couvrez le Japon !\",\"potentialAction\":[{\"@type\":\"SearchAction\",\"target\":{\"@type\":\"EntryPoint\",\"urlTemplate\":\"http:\/\/www.wonderful-japan.com\/fr\/?s={search_term_string}\"},\"query-input\":{\"@type\":\"PropertyValueSpecification\",\"valueRequired\":true,\"valueName\":\"search_term_string\"}}],\"inLanguage\":\"fr-FR\"},{\"@type\":\"Person\",\"@id\":\"http:\/\/www.wonderful-japan.com\/fr\/#\/schema\/person\/47596535af61e0f65e7b68aa5589bef8\",\"name\":\"Aki\",\"image\":{\"@type\":\"ImageObject\",\"inLanguage\":\"fr-FR\",\"@id\":\"http:\/\/www.wonderful-japan.com\/fr\/#\/schema\/person\/image\/\",\"url\":\"https:\/\/secure.gravatar.com\/avatar\/c9bdc634a282656cc077e60bc3362e6dee50610ce35c893504300db4527052d7?s=96&d=mm&r=g\",\"contentUrl\":\"https:\/\/secure.gravatar.com\/avatar\/c9bdc634a282656cc077e60bc3362e6dee50610ce35c893504300db4527052d7?s=96&d=mm&r=g\",\"caption\":\"Aki\"}}]}<\/script>\n<!-- \/ Yoast SEO plugin. -->","yoast_head_json":{"title":"Pourquoi les japonais portent des masques ? &#8211; Wonderful Japan","robots":{"index":"index","follow":"follow","max-snippet":"max-snippet:-1","max-image-preview":"max-image-preview:large","max-video-preview":"max-video-preview:-1"},"canonical":"http:\/\/www.wonderful-japan.com\/fr\/pourquoi-les-japonais-portent-des-masques\/","og_locale":"fr_FR","og_type":"article","og_title":"Pourquoi les japonais portent des masques ? &#8211; Wonderful Japan","og_description":"Pourquoi les Japonais portent des masques\u00a0: hygi\u00e8ne de vie et respect de l\u2019autre &nbsp; Les Japonais sont nombreux \u00e0 utiliser r\u00e9guli\u00e8rement des masques sanitaires blancs cachant la moiti\u00e9 de leur visage, mais contrairement aux id\u00e9es re\u00e7ues, le port du masque au Japon n\u2019a absolument aucun rapport avec une quelconque pollution, le pays b\u00e9n\u00e9ficiant d\u2019une bonne [&hellip;]","og_url":"http:\/\/www.wonderful-japan.com\/fr\/pourquoi-les-japonais-portent-des-masques\/","og_site_name":"Wonderful Japan","article_publisher":"https:\/\/www.facebook.com\/Wonderful-Japan-493654644157867\/","article_published_time":"2019-05-08T10:23:13+00:00","article_modified_time":"2024-06-05T18:35:20+00:00","author":"Aki","twitter_card":"summary_large_image","twitter_misc":{"\u00c9crit par":"Aki","Dur\u00e9e de lecture estim\u00e9e":"2 minutes"},"schema":{"@context":"https:\/\/schema.org","@graph":[{"@type":"WebPage","@id":"http:\/\/www.wonderful-japan.com\/fr\/pourquoi-les-japonais-portent-des-masques\/","url":"http:\/\/www.wonderful-japan.com\/fr\/pourquoi-les-japonais-portent-des-masques\/","name":"Pourquoi les japonais portent des masques ? &#8211; Wonderful Japan","isPartOf":{"@id":"http:\/\/www.wonderful-japan.com\/fr\/#website"},"datePublished":"2019-05-08T10:23:13+00:00","dateModified":"2024-06-05T18:35:20+00:00","author":{"@id":"http:\/\/www.wonderful-japan.com\/fr\/#\/schema\/person\/47596535af61e0f65e7b68aa5589bef8"},"breadcrumb":{"@id":"http:\/\/www.wonderful-japan.com\/fr\/pourquoi-les-japonais-portent-des-masques\/#breadcrumb"},"inLanguage":"fr-FR","potentialAction":[{"@type":"ReadAction","target":["http:\/\/www.wonderful-japan.com\/fr\/pourquoi-les-japonais-portent-des-masques\/"]}]},{"@type":"BreadcrumbList","@id":"http:\/\/www.wonderful-japan.com\/fr\/pourquoi-les-japonais-portent-des-masques\/#breadcrumb","itemListElement":[{"@type":"ListItem","position":1,"name":"Home","item":"http:\/\/www.wonderful-japan.com\/fr\/"},{"@type":"ListItem","position":2,"name":"Pourquoi les japonais portent des masques ?"}]},{"@type":"WebSite","@id":"http:\/\/www.wonderful-japan.com\/fr\/#website","url":"http:\/\/www.wonderful-japan.com\/fr\/","name":"Wonderful Japan","description":"D\u00e9couvrez le Japon !","potentialAction":[{"@type":"SearchAction","target":{"@type":"EntryPoint","urlTemplate":"http:\/\/www.wonderful-japan.com\/fr\/?s={search_term_string}"},"query-input":{"@type":"PropertyValueSpecification","valueRequired":true,"valueName":"search_term_string"}}],"inLanguage":"fr-FR"},{"@type":"Person","@id":"http:\/\/www.wonderful-japan.com\/fr\/#\/schema\/person\/47596535af61e0f65e7b68aa5589bef8","name":"Aki","image":{"@type":"ImageObject","inLanguage":"fr-FR","@id":"http:\/\/www.wonderful-japan.com\/fr\/#\/schema\/person\/image\/","url":"https:\/\/secure.gravatar.com\/avatar\/c9bdc634a282656cc077e60bc3362e6dee50610ce35c893504300db4527052d7?s=96&d=mm&r=g","contentUrl":"https:\/\/secure.gravatar.com\/avatar\/c9bdc634a282656cc077e60bc3362e6dee50610ce35c893504300db4527052d7?s=96&d=mm&r=g","caption":"Aki"}}]}},"_links":{"self":[{"href":"https:\/\/www.wonderful-japan.com\/fr\/wp-json\/wp\/v2\/posts\/9788","targetHints":{"allow":["GET"]}}],"collection":[{"href":"https:\/\/www.wonderful-japan.com\/fr\/wp-json\/wp\/v2\/posts"}],"about":[{"href":"https:\/\/www.wonderful-japan.com\/fr\/wp-json\/wp\/v2\/types\/post"}],"author":[{"embeddable":true,"href":"https:\/\/www.wonderful-japan.com\/fr\/wp-json\/wp\/v2\/users\/1"}],"replies":[{"embeddable":true,"href":"https:\/\/www.wonderful-japan.com\/fr\/wp-json\/wp\/v2\/comments?post=9788"}],"version-history":[{"count":2,"href":"https:\/\/www.wonderful-japan.com\/fr\/wp-json\/wp\/v2\/posts\/9788\/revisions"}],"predecessor-version":[{"id":14278,"href":"https:\/\/www.wonderful-japan.com\/fr\/wp-json\/wp\/v2\/posts\/9788\/revisions\/14278"}],"wp:attachment":[{"href":"https:\/\/www.wonderful-japan.com\/fr\/wp-json\/wp\/v2\/media?parent=9788"}],"wp:term":[{"taxonomy":"category","embeddable":true,"href":"https:\/\/www.wonderful-japan.com\/fr\/wp-json\/wp\/v2\/categories?post=9788"},{"taxonomy":"post_tag","embeddable":true,"href":"https:\/\/www.wonderful-japan.com\/fr\/wp-json\/wp\/v2\/tags?post=9788"},{"taxonomy":"post_folder","embeddable":true,"href":"https:\/\/www.wonderful-japan.com\/fr\/wp-json\/wp\/v2\/post_folder?post=9788"}],"curies":[{"name":"wp","href":"https:\/\/api.w.org\/{rel}","templated":true}]}}